{"id":6154,"date":"2020-04-07T14:00:29","date_gmt":"2020-04-07T12:00:29","guid":{"rendered":"https:\/\/bgc-muenchen.de\/?p=6154"},"modified":"2020-04-08T07:34:28","modified_gmt":"2020-04-08T05:34:28","slug":"folge-19-slowfox-mit-domen-krapez-und-natascha-karabey","status":"publish","type":"post","link":"https:\/\/bgc-muenchen.de\/?p=6154","title":{"rendered":"Folge 19 \u2013 Slowfox mit Domen Krapez und Natascha Karabey"},"content":{"rendered":"<p>Slowfox \u2013 als Kind wurde mir erkl\u00e4rt, dass sei der Tanz, bei dem man der Dame eine Tasse Wasser auf den Kopf stellen k\u00f6nne, ohne dass etwas versch\u00fcttet w\u00fcrde. So ruhig und flie\u00dfend sollen die raumgreifenden Bewegungen sein. Und so ruhig und elegant flie\u00dfen Domen Krapez und Natascha Karabey bei ihrem Slowfox Showtanz \u00fcber die Tanzfl\u00e4che. Da m\u00fcssen wir wohl noch an unsereren Fersendrehungen \u00fcben.<\/p>\n<p><a href=\"https:\/\/www.youtube.com\/watch?v=I2A6HlzyR2c\" target=\"_blank\" rel=\"noopener noreferrer\">https:\/\/www.youtube.com\/watch?v=I2A6HlzyR2c<\/a><br \/>\n<iframe loading=\"lazy\" src=\"https:\/\/www.youtube.com\/embed\/I2A6HlzyR2c\" allowfullscreen=\"allowfullscreen\" width=\"560\" height=\"315\" frameborder=\"0\"><\/iframe><\/p>\n<p>Mit diesem Paar stellen wir euch heute wieder ein heimisches Paar vor. Natascha wurde in Seeheim geboren und stammt aus einer T\u00e4nzerfamilie. Ihre Eltern besitzen eine Tanzschule in Bad Homburg. Bis 2013 tanzte Natascha mit ihrem Bruder Sascha, seit 2007 professionell. Seit dieser sich aus dem aktiven Tanzsport zur\u00fcckgezogen hat, tanzt Natascha mit ihrem Lebensgef\u00e4hrten Domen Krapez. Domen stammt geb\u00fcrtig aus Slowenien und startet seit 2005 in der PD Standard. Insgesamt gewann Natascha achtmal die Deutsche Meisterschaft (DTV) der Amateure und zw\u00f6lfmal die Deutsche Meisterschaft (DPV) der Professionals, vier davon mit Domen. Damit h\u00e4lt sie den nationalen Rekord.<\/p>\n<p>Der gr\u00f6\u00dfte Erfolg ihrer Karriere bisher stellt der Weltmeistertitel der Professionals in der K\u00fcr Standard dar, welchen das Paar am 17. November 2018 in Bonn gewann. Bei der K\u00fcr gibt es, anders als beim Showtanz, keine Vorschriften wie viele Standardt\u00e4nze gezeigt werden m\u00fcssen, daf\u00fcr werden die Showelemente st\u00e4rker gewertet. Als Favoriten des Wettkampfes galten eigentlich Vadim Garbuzov und Kathrin Menzinger, beide bekannt aus Let\u00b4s Dance, welche nur den dritten Platz belegten.<\/p>\n<p>Die Europameisterschaft in der Standard-K\u00fcr h\u00e4tte vor drei Tagen in Baden Baden stattfinden sollen. Da die Veranstaltung nicht wie geplant stattfinden kann, wird diese auf den 30.1.2021 verschoben und Karten k\u00f6nnen noch erworben werden.<\/p>\n","protected":false},"excerpt":{"rendered":"<p>Slowfox \u2013 als Kind wurde mir erkl\u00e4rt, dass sei der Tanz, bei dem man der Dame eine Tasse Wasser auf den Kopf stellen k\u00f6nne, ohne dass etwas versch\u00fcttet w\u00fcrde. So [&hellip;]<\/p>\n","protected":false},"author":3,"featured_media":6153,"comment_status":"closed","ping_status":"closed","sticky":false,"template":"","format":"standard","meta":{"site-sidebar-layout":"default","site-content-layout":"","ast-site-content-layout":"default","site-content-style":"default","site-sidebar-style":"default","ast-global-header-display":"","ast-banner-title-visibility":"","ast-main-header-display":"","ast-hfb-above-header-display":"","ast-hfb-below-header-display":"","ast-hfb-mobile-header-display":"","site-post-title":"","ast-breadcrumbs-content":"","ast-featured-img":"","footer-sml-layout":"","ast-disable-related-posts":"","theme-transparent-header-meta":"","adv-header-id-meta":"","stick-header-meta":"","header-above-stick-meta":"","header-main-stick-meta":"","header-below-stick-meta":"","astra-migrate-meta-layouts":"default","ast-page-background-enabled":"default","ast-page-background-meta":{"desktop":{"background-color":"var(--ast-global-color-5)","background-image":"","background-repeat":"repeat","background-position":"center center","background-size":"auto","background-attachment":"scroll","background-type":"","background-media":"","overlay-type":"","overlay-color":"","overlay-opacity":"","overlay-gradient":""},"tablet":{"background-color":"","background-image":"","background-repeat":"repeat","background-position":"center center","background-size":"auto","background-attachment":"scroll","background-type":"","background-media":"","overlay-type":"","overlay-color":"","overlay-opacity":"","overlay-gradient":""},"mobile":{"background-color":"","background-image":"","background-repeat":"repeat","background-position":"center center","background-size":"auto","background-attachment":"scroll","background-type":"","background-media":"","overlay-type":"","overlay-color":"","overlay-opacity":"","overlay-gradient":""}},"ast-content-background-meta":{"desktop":{"background-color":"var(--ast-global-color-4)","background-image":"","background-repeat":"repeat","background-position":"center center","background-size":"auto","background-attachment":"scroll","background-type":"","background-media":"","overlay-type":"","overlay-color":"","overlay-opacity":"","overlay-gradient":""},"tablet":{"background-color":"var(--ast-global-color-4)","background-image":"","background-repeat":"repeat","background-position":"center center","background-size":"auto","background-attachment":"scroll","background-type":"","background-media":"","overlay-type":"","overlay-color":"","overlay-opacity":"","overlay-gradient":""},"mobile":{"background-color":"var(--ast-global-color-4)","background-image":"","background-repeat":"repeat","background-position":"center center","background-size":"auto","background-attachment":"scroll","background-type":"","background-media":"","overlay-type":"","overlay-color":"","overlay-opacity":"","overlay-gradient":""}},"footnotes":""},"categories":[148],"tags":[],"class_list":["post-6154","post","type-post","status-publish","format-standard","has-post-thumbnail","hentry","category-tanzvideos"],"_links":{"self":[{"href":"https:\/\/bgc-muenchen.de\/index.php?rest_route=\/wp\/v2\/posts\/6154","targetHints":{"allow":["GET"]}}],"collection":[{"href":"https:\/\/bgc-muenchen.de\/index.php?rest_route=\/wp\/v2\/posts"}],"about":[{"href":"https:\/\/bgc-muenchen.de\/index.php?rest_route=\/wp\/v2\/types\/post"}],"author":[{"embeddable":true,"href":"https:\/\/bgc-muenchen.de\/index.php?rest_route=\/wp\/v2\/users\/3"}],"replies":[{"embeddable":true,"href":"https:\/\/bgc-muenchen.de\/index.php?rest_route=%2Fwp%2Fv2%2Fcomments&post=6154"}],"version-history":[{"count":1,"href":"https:\/\/bgc-muenchen.de\/index.php?rest_route=\/wp\/v2\/posts\/6154\/revisions"}],"predecessor-version":[{"id":6155,"href":"https:\/\/bgc-muenchen.de\/index.php?rest_route=\/wp\/v2\/posts\/6154\/revisions\/6155"}],"wp:featuredmedia":[{"embeddable":true,"href":"https:\/\/bgc-muenchen.de\/index.php?rest_route=\/wp\/v2\/media\/6153"}],"wp:attachment":[{"href":"https:\/\/bgc-muenchen.de\/index.php?rest_route=%2Fwp%2Fv2%2Fmedia&parent=6154"}],"wp:term":[{"taxonomy":"category","embeddable":true,"href":"https:\/\/bgc-muenchen.de\/index.php?rest_route=%2Fwp%2Fv2%2Fcategories&post=6154"},{"taxonomy":"post_tag","embeddable":true,"href":"https:\/\/bgc-muenchen.de\/index.php?rest_route=%2Fwp%2Fv2%2Ftags&post=6154"}],"curies":[{"name":"wp","href":"https:\/\/api.w.org\/{rel}","templated":true}]}}