{"id":5989,"date":"2020-03-24T06:00:33","date_gmt":"2020-03-24T05:00:33","guid":{"rendered":"https:\/\/bgc-muenchen.de\/?p=5989"},"modified":"2020-04-03T13:35:14","modified_gmt":"2020-04-03T11:35:14","slug":"folge-6-salsa-mit-daniel-rosas-und-denise-fabel","status":"publish","type":"post","link":"https:\/\/bgc-muenchen.de\/?p=5989","title":{"rendered":"Folge 6 &#8211; Salsa mit Daniel Rosas und Denise Fabel"},"content":{"rendered":"<p>Ist vor Eurem Fenster der Himmel auch so strahlend blau? Der Wetterbericht sagt, dass es bis zum Wochenende noch so bleiben wird. (Dass es in Wahrheit schweinekalt drau\u00dfen ist, muss uns drinnen ja nicht st\u00f6ren). Deshalb bleiben wir heute videotechnisch drau\u00dfen auf der Stra\u00dfe, genauer gesagt in Kassel. Mit ihrem dort gedrehten Salsavideo wollen Daniel Rosas und Denise Fabel zeigen, dass es ihrer Meinung nach beim Tanzen in erster Linie darum geht, Spa\u00df zu haben, und weniger um den perfekten Salsa-Rhythmus mit Claven, frei nach dem Motto: \u201eI don\u00b4t care.\u201c<\/p>\n<p>W\u00e4hrend es in der Popmusik meist einen Beat gibt, der sich relativ unver\u00e4ndert durch das Lied zieht ( 1 &#8211; 2 &#8211; 3 &#8211; 4), gibt es in der Salsamusik viele verschiedene Rhythmen, die von verschiedenen Instrumenten gleichzeitig gespielt werden. Dabei ist der Clave-Rhythmus derjenige, der, der Salsa den Takt verleiht. Ein Prinzip, das wir aus der Rumba kennen.<\/p>\n<p>Unabh\u00e4ngig davon, ob unsere Trainer also der Aussage, den Rhythmus zu vernachl\u00e4ssigen, zustimmen w\u00fcrden, finde ich, dass die beiden eine unheimlich positive Energie und Harmonie beim Tanzen ausstrahlen. Es macht auf jeden Fall Freude, ihnen zuzusehen.<\/p>\n<p><a href=\"https:\/\/www.youtube.com\/watch?v=1Ks9Bbekirg\" target=\"_blank\" rel=\"noopener noreferrer\"> https:\/\/www.youtube.com\/watch?v=1Ks9Bbekirg<\/a><\/p>\n<p><iframe loading=\"lazy\" src=\"https:\/\/www.youtube.com\/embed\/1Ks9Bbekirg\" allowfullscreen=\"allowfullscreen\" width=\"560\" height=\"315\" frameborder=\"0\"><\/iframe><\/p>\n","protected":false},"excerpt":{"rendered":"<p>Ist vor Eurem Fenster der Himmel auch so strahlend blau? Der Wetterbericht sagt, dass es bis zum Wochenende noch so bleiben wird. (Dass es in Wahrheit schweinekalt drau\u00dfen ist, muss [&hellip;]<\/p>\n","protected":false},"author":3,"featured_media":6093,"comment_status":"closed","ping_status":"closed","sticky":false,"template":"","format":"standard","meta":{"site-sidebar-layout":"default","site-content-layout":"","ast-site-content-layout":"default","site-content-style":"default","site-sidebar-style":"default","ast-global-header-display":"","ast-banner-title-visibility":"","ast-main-header-display":"","ast-hfb-above-header-display":"","ast-hfb-below-header-display":"","ast-hfb-mobile-header-display":"","site-post-title":"","ast-breadcrumbs-content":"","ast-featured-img":"","footer-sml-layout":"","ast-disable-related-posts":"","theme-transparent-header-meta":"","adv-header-id-meta":"","stick-header-meta":"","header-above-stick-meta":"","header-main-stick-meta":"","header-below-stick-meta":"","astra-migrate-meta-layouts":"default","ast-page-background-enabled":"default","ast-page-background-meta":{"desktop":{"background-color":"var(--ast-global-color-5)","background-image":"","background-repeat":"repeat","background-position":"center center","background-size":"auto","background-attachment":"scroll","background-type":"","background-media":"","overlay-type":"","overlay-color":"","overlay-opacity":"","overlay-gradient":""},"tablet":{"background-color":"","background-image":"","background-repeat":"repeat","background-position":"center center","background-size":"auto","background-attachment":"scroll","background-type":"","background-media":"","overlay-type":"","overlay-color":"","overlay-opacity":"","overlay-gradient":""},"mobile":{"background-color":"","background-image":"","background-repeat":"repeat","background-position":"center center","background-size":"auto","background-attachment":"scroll","background-type":"","background-media":"","overlay-type":"","overlay-color":"","overlay-opacity":"","overlay-gradient":""}},"ast-content-background-meta":{"desktop":{"background-color":"var(--ast-global-color-4)","background-image":"","background-repeat":"repeat","background-position":"center center","background-size":"auto","background-attachment":"scroll","background-type":"","background-media":"","overlay-type":"","overlay-color":"","overlay-opacity":"","overlay-gradient":""},"tablet":{"background-color":"var(--ast-global-color-4)","background-image":"","background-repeat":"repeat","background-position":"center center","background-size":"auto","background-attachment":"scroll","background-type":"","background-media":"","overlay-type":"","overlay-color":"","overlay-opacity":"","overlay-gradient":""},"mobile":{"background-color":"var(--ast-global-color-4)","background-image":"","background-repeat":"repeat","background-position":"center center","background-size":"auto","background-attachment":"scroll","background-type":"","background-media":"","overlay-type":"","overlay-color":"","overlay-opacity":"","overlay-gradient":""}},"footnotes":""},"categories":[148],"tags":[],"class_list":["post-5989","post","type-post","status-publish","format-standard","has-post-thumbnail","hentry","category-tanzvideos"],"_links":{"self":[{"href":"https:\/\/bgc-muenchen.de\/index.php?rest_route=\/wp\/v2\/posts\/5989","targetHints":{"allow":["GET"]}}],"collection":[{"href":"https:\/\/bgc-muenchen.de\/index.php?rest_route=\/wp\/v2\/posts"}],"about":[{"href":"https:\/\/bgc-muenchen.de\/index.php?rest_route=\/wp\/v2\/types\/post"}],"author":[{"embeddable":true,"href":"https:\/\/bgc-muenchen.de\/index.php?rest_route=\/wp\/v2\/users\/3"}],"replies":[{"embeddable":true,"href":"https:\/\/bgc-muenchen.de\/index.php?rest_route=%2Fwp%2Fv2%2Fcomments&post=5989"}],"version-history":[{"count":1,"href":"https:\/\/bgc-muenchen.de\/index.php?rest_route=\/wp\/v2\/posts\/5989\/revisions"}],"predecessor-version":[{"id":5990,"href":"https:\/\/bgc-muenchen.de\/index.php?rest_route=\/wp\/v2\/posts\/5989\/revisions\/5990"}],"wp:featuredmedia":[{"embeddable":true,"href":"https:\/\/bgc-muenchen.de\/index.php?rest_route=\/wp\/v2\/media\/6093"}],"wp:attachment":[{"href":"https:\/\/bgc-muenchen.de\/index.php?rest_route=%2Fwp%2Fv2%2Fmedia&parent=5989"}],"wp:term":[{"taxonomy":"category","embeddable":true,"href":"https:\/\/bgc-muenchen.de\/index.php?rest_route=%2Fwp%2Fv2%2Fcategories&post=5989"},{"taxonomy":"post_tag","embeddable":true,"href":"https:\/\/bgc-muenchen.de\/index.php?rest_route=%2Fwp%2Fv2%2Ftags&post=5989"}],"curies":[{"name":"wp","href":"https:\/\/api.w.org\/{rel}","templated":true}]}}