{"id":5974,"date":"2020-03-19T06:00:23","date_gmt":"2020-03-19T05:00:23","guid":{"rendered":"https:\/\/bgc-muenchen.de\/?p=5974"},"modified":"2020-04-03T13:41:49","modified_gmt":"2020-04-03T11:41:49","slug":"listen-to-your-inner-voice-mit-bogdan-ianosi-und-stefanie-pavelic","status":"publish","type":"post","link":"https:\/\/bgc-muenchen.de\/?p=5974","title":{"rendered":"Folge 1 &#8211; &#8222;Listen to your inner voice&#8220; mit Bogdan Ianosi und Stefanie Pavelic"},"content":{"rendered":"<div>Los geht es, wie sollte es anders sein, mit einem Video aus den eigenen Reihen. Steffi und Bogdan, die u.a. Deutscher Vizemeister im Showdance sind, trainieren seit letztem Jahr mit Ehrgeiz und Einf\u00fchlungsverm\u00f6gen unsere Turnierpaare.Beide tanzen seit ihrer fr\u00fchesten Kindheit. Bogdan trat mit zw\u00f6lf Jahren, auf Dr\u00e4ngen der Eltern, dem neu er\u00f6ffnetem Tanzclub bei. Schnell \u00e4ndert er seine Meinung \u00fcber den vermeintlichen \u201eM\u00e4dchensport\u201c und beginnt mit Flei\u00df und Ehrgeiz zu trainieren. In seinem Wissensdrang beginnt er zus\u00e4tzlich zum Unterricht Tanzvideos zu analysieren. Er will immer mehr lernen und zu den Besten geh\u00f6ren, was ihn letzten Endes an die Spitze der Tanzwelt bringt.<\/div>\n<div>&nbsp;<\/div>\n<div>Steffis Tanzkarriere begann mit acht Jahren bei einem Auftritt der Geburtstagsfeier ihres Gro\u00dfvaters. Auf ihr Talent aufmerksam geworden, beschlie\u00dft ihre Familie, dass Steffi Tanzstunden bekommen soll. Eigentlich auf der Suche nach einem Hip Hop oder Jazzdance Kurs f\u00fcr Kinder, landete sie unverhofft beim Paartanz, f\u00fcr den sie viel Talent mitbrachte und so bereits nach drei Monaten auf ihrem ersten Turnier startete.2011 begannen Steffi und Bogdan miteinander zu tanzen und ihr Traum, zur Spitze der Welt zu geh\u00f6ren, erf\u00fcllte sich. Sie starten bei internationalen Turnieren f\u00fcr Deutschland und Kroatien und belegen mehrere Finalpl\u00e4tze.Mit &#8222;Listen to your inner voice&#8220; wurden sie 2019 Vierter bei der Weltmeisterschaft der Professional Division Showdance in Dresden.<\/div>\n<p><a href=\"https:\/\/www.youtube.com\/watch?v=NVHLZ4Nj0pA\" target=\"_blank\" rel=\"noopener noreferrer\">https:\/\/www.youtube.com\/watch?v=NVHLZ4Nj0pA<\/a><\/p>\n<p><iframe loading=\"lazy\" src=\"https:\/\/www.youtube.com\/embed\/NVHLZ4Nj0pA\" allowfullscreen=\"allowfullscreen\" width=\"560\" height=\"315\" frameborder=\"0\"><\/iframe><\/p>\n","protected":false},"excerpt":{"rendered":"<p>Los geht es, wie sollte es anders sein, mit einem Video aus den eigenen Reihen. Steffi und Bogdan, die u.a. Deutscher Vizemeister im Showdance sind, trainieren seit letztem Jahr mit [&hellip;]<\/p>\n","protected":false},"author":3,"featured_media":6088,"comment_status":"closed","ping_status":"closed","sticky":false,"template":"","format":"standard","meta":{"site-sidebar-layout":"default","site-content-layout":"","ast-site-content-layout":"default","site-content-style":"default","site-sidebar-style":"default","ast-global-header-display":"","ast-banner-title-visibility":"","ast-main-header-display":"","ast-hfb-above-header-display":"","ast-hfb-below-header-display":"","ast-hfb-mobile-header-display":"","site-post-title":"","ast-breadcrumbs-content":"","ast-featured-img":"","footer-sml-layout":"","ast-disable-related-posts":"","theme-transparent-header-meta":"","adv-header-id-meta":"","stick-header-meta":"","header-above-stick-meta":"","header-main-stick-meta":"","header-below-stick-meta":"","astra-migrate-meta-layouts":"default","ast-page-background-enabled":"default","ast-page-background-meta":{"desktop":{"background-color":"var(--ast-global-color-5)","background-image":"","background-repeat":"repeat","background-position":"center center","background-size":"auto","background-attachment":"scroll","background-type":"","background-media":"","overlay-type":"","overlay-color":"","overlay-opacity":"","overlay-gradient":""},"tablet":{"background-color":"","background-image":"","background-repeat":"repeat","background-position":"center center","background-size":"auto","background-attachment":"scroll","background-type":"","background-media":"","overlay-type":"","overlay-color":"","overlay-opacity":"","overlay-gradient":""},"mobile":{"background-color":"","background-image":"","background-repeat":"repeat","background-position":"center center","background-size":"auto","background-attachment":"scroll","background-type":"","background-media":"","overlay-type":"","overlay-color":"","overlay-opacity":"","overlay-gradient":""}},"ast-content-background-meta":{"desktop":{"background-color":"var(--ast-global-color-4)","background-image":"","background-repeat":"repeat","background-position":"center center","background-size":"auto","background-attachment":"scroll","background-type":"","background-media":"","overlay-type":"","overlay-color":"","overlay-opacity":"","overlay-gradient":""},"tablet":{"background-color":"var(--ast-global-color-4)","background-image":"","background-repeat":"repeat","background-position":"center center","background-size":"auto","background-attachment":"scroll","background-type":"","background-media":"","overlay-type":"","overlay-color":"","overlay-opacity":"","overlay-gradient":""},"mobile":{"background-color":"var(--ast-global-color-4)","background-image":"","background-repeat":"repeat","background-position":"center center","background-size":"auto","background-attachment":"scroll","background-type":"","background-media":"","overlay-type":"","overlay-color":"","overlay-opacity":"","overlay-gradient":""}},"footnotes":""},"categories":[148],"tags":[],"class_list":["post-5974","post","type-post","status-publish","format-standard","has-post-thumbnail","hentry","category-tanzvideos"],"_links":{"self":[{"href":"https:\/\/bgc-muenchen.de\/index.php?rest_route=\/wp\/v2\/posts\/5974","targetHints":{"allow":["GET"]}}],"collection":[{"href":"https:\/\/bgc-muenchen.de\/index.php?rest_route=\/wp\/v2\/posts"}],"about":[{"href":"https:\/\/bgc-muenchen.de\/index.php?rest_route=\/wp\/v2\/types\/post"}],"author":[{"embeddable":true,"href":"https:\/\/bgc-muenchen.de\/index.php?rest_route=\/wp\/v2\/users\/3"}],"replies":[{"embeddable":true,"href":"https:\/\/bgc-muenchen.de\/index.php?rest_route=%2Fwp%2Fv2%2Fcomments&post=5974"}],"version-history":[{"count":4,"href":"https:\/\/bgc-muenchen.de\/index.php?rest_route=\/wp\/v2\/posts\/5974\/revisions"}],"predecessor-version":[{"id":5978,"href":"https:\/\/bgc-muenchen.de\/index.php?rest_route=\/wp\/v2\/posts\/5974\/revisions\/5978"}],"wp:featuredmedia":[{"embeddable":true,"href":"https:\/\/bgc-muenchen.de\/index.php?rest_route=\/wp\/v2\/media\/6088"}],"wp:attachment":[{"href":"https:\/\/bgc-muenchen.de\/index.php?rest_route=%2Fwp%2Fv2%2Fmedia&parent=5974"}],"wp:term":[{"taxonomy":"category","embeddable":true,"href":"https:\/\/bgc-muenchen.de\/index.php?rest_route=%2Fwp%2Fv2%2Fcategories&post=5974"},{"taxonomy":"post_tag","embeddable":true,"href":"https:\/\/bgc-muenchen.de\/index.php?rest_route=%2Fwp%2Fv2%2Ftags&post=5974"}],"curies":[{"name":"wp","href":"https:\/\/api.w.org\/{rel}","templated":true}]}}