{"id":5584,"date":"2019-08-06T23:22:26","date_gmt":"2019-08-06T21:22:26","guid":{"rendered":"https:\/\/bgc-muenchen.de\/?p=5584"},"modified":"2019-08-06T23:24:27","modified_gmt":"2019-08-06T21:24:27","slug":"gelungener-auftakt-fuer-stefan-und-claudia-bachmaier-bei-den-sommertanzwochen-in-enzkloesterle","status":"publish","type":"post","link":"https:\/\/bgc-muenchen.de\/?p=5584","title":{"rendered":"Gelungener Auftakt f\u00fcr Stefan und Claudia Bachmaier bei den Sommertanzwochen in Enzkl\u00f6sterle"},"content":{"rendered":"<p>Bei den Sommertanzwochen in Enzkl\u00f6sterle im Schwarzwald erreichten Stefan und Claudia Bachmaier in der Sen III A am Samstag, 3.8.2019 den dritten Platz, punktgleich mit dem zweiten Platz. Am Ende musste mit dem Skating Verfahren die Pl\u00e4tze ermittelt werden.<\/p>\n<p>Am Sonntag, 4.8.2019 sprang dann ein f\u00fcnfter Platz f\u00fcr die beiden heraus.<\/p>\n<p>Herzlichen Gl\u00fcckwunsch zum gelungenen Auftakt im Schwarzwald.<\/p>\n<figure id=\"attachment_5585\" aria-describedby=\"caption-attachment-5585\" style=\"width: 1024px\" class=\"wp-caption aligncenter\"><img loading=\"lazy\" decoding=\"async\" class=\"wp-image-5585 size-large\" src=\"https:\/\/bgc-muenchen.de\/wp-content\/uploads\/2019\/08\/2019-Enzkl\u00f6sterle-Stefan-und-Claudia_0804-1024x768.jpg\" alt=\"\" width=\"1024\" height=\"768\" srcset=\"https:\/\/bgc-muenchen.de\/wp-content\/uploads\/2019\/08\/2019-Enzkl\u00f6sterle-Stefan-und-Claudia_0804.jpg 1024w, https:\/\/bgc-muenchen.de\/wp-content\/uploads\/2019\/08\/2019-Enzkl\u00f6sterle-Stefan-und-Claudia_0804-150x113.jpg 150w, https:\/\/bgc-muenchen.de\/wp-content\/uploads\/2019\/08\/2019-Enzkl\u00f6sterle-Stefan-und-Claudia_0804-300x225.jpg 300w, https:\/\/bgc-muenchen.de\/wp-content\/uploads\/2019\/08\/2019-Enzkl\u00f6sterle-Stefan-und-Claudia_0804-768x576.jpg 768w, https:\/\/bgc-muenchen.de\/wp-content\/uploads\/2019\/08\/2019-Enzkl\u00f6sterle-Stefan-und-Claudia_0804-678x509.jpg 678w, https:\/\/bgc-muenchen.de\/wp-content\/uploads\/2019\/08\/2019-Enzkl\u00f6sterle-Stefan-und-Claudia_0804-326x245.jpg 326w, https:\/\/bgc-muenchen.de\/wp-content\/uploads\/2019\/08\/2019-Enzkl\u00f6sterle-Stefan-und-Claudia_0804-80x60.jpg 80w\" sizes=\"auto, (max-width: 1024px) 100vw, 1024px\" \/><figcaption id=\"caption-attachment-5585\" class=\"wp-caption-text\">4.8,2019 Enzkl\u00f6sterle<\/figcaption><\/figure>\n","protected":false},"excerpt":{"rendered":"<p>Bei den Sommertanzwochen in Enzkl\u00f6sterle im Schwarzwald erreichten Stefan und Claudia Bachmaier in der Sen III A am Samstag, 3.8.2019 den dritten Platz, punktgleich mit dem zweiten Platz. Am Ende [&hellip;]<\/p>\n","protected":false},"author":3,"featured_media":5586,"comment_status":"closed","ping_status":"closed","sticky":false,"template":"","format":"standard","meta":{"site-sidebar-layout":"default","site-content-layout":"","ast-site-content-layout":"default","site-content-style":"default","site-sidebar-style":"default","ast-global-header-display":"","ast-banner-title-visibility":"","ast-main-header-display":"","ast-hfb-above-header-display":"","ast-hfb-below-header-display":"","ast-hfb-mobile-header-display":"","site-post-title":"","ast-breadcrumbs-content":"","ast-featured-img":"","footer-sml-layout":"","ast-disable-related-posts":"","theme-transparent-header-meta":"","adv-header-id-meta":"","stick-header-meta":"","header-above-stick-meta":"","header-main-stick-meta":"","header-below-stick-meta":"","astra-migrate-meta-layouts":"default","ast-page-background-enabled":"default","ast-page-background-meta":{"desktop":{"background-color":"var(--ast-global-color-5)","background-image":"","background-repeat":"repeat","background-position":"center center","background-size":"auto","background-attachment":"scroll","background-type":"","background-media":"","overlay-type":"","overlay-color":"","overlay-opacity":"","overlay-gradient":""},"tablet":{"background-color":"","background-image":"","background-repeat":"repeat","background-position":"center center","background-size":"auto","background-attachment":"scroll","background-type":"","background-media":"","overlay-type":"","overlay-color":"","overlay-opacity":"","overlay-gradient":""},"mobile":{"background-color":"","background-image":"","background-repeat":"repeat","background-position":"center center","background-size":"auto","background-attachment":"scroll","background-type":"","background-media":"","overlay-type":"","overlay-color":"","overlay-opacity":"","overlay-gradient":""}},"ast-content-background-meta":{"desktop":{"background-color":"var(--ast-global-color-4)","background-image":"","background-repeat":"repeat","background-position":"center center","background-size":"auto","background-attachment":"scroll","background-type":"","background-media":"","overlay-type":"","overlay-color":"","overlay-opacity":"","overlay-gradient":""},"tablet":{"background-color":"var(--ast-global-color-4)","background-image":"","background-repeat":"repeat","background-position":"center center","background-size":"auto","background-attachment":"scroll","background-type":"","background-media":"","overlay-type":"","overlay-color":"","overlay-opacity":"","overlay-gradient":""},"mobile":{"background-color":"var(--ast-global-color-4)","background-image":"","background-repeat":"repeat","background-position":"center center","background-size":"auto","background-attachment":"scroll","background-type":"","background-media":"","overlay-type":"","overlay-color":"","overlay-opacity":"","overlay-gradient":""}},"footnotes":""},"categories":[112,5],"tags":[],"class_list":["post-5584","post","type-post","status-publish","format-standard","has-post-thumbnail","hentry","category-stefan-und-claudia","category-turnierberichte"],"_links":{"self":[{"href":"https:\/\/bgc-muenchen.de\/index.php?rest_route=\/wp\/v2\/posts\/5584","targetHints":{"allow":["GET"]}}],"collection":[{"href":"https:\/\/bgc-muenchen.de\/index.php?rest_route=\/wp\/v2\/posts"}],"about":[{"href":"https:\/\/bgc-muenchen.de\/index.php?rest_route=\/wp\/v2\/types\/post"}],"author":[{"embeddable":true,"href":"https:\/\/bgc-muenchen.de\/index.php?rest_route=\/wp\/v2\/users\/3"}],"replies":[{"embeddable":true,"href":"https:\/\/bgc-muenchen.de\/index.php?rest_route=%2Fwp%2Fv2%2Fcomments&post=5584"}],"version-history":[{"count":3,"href":"https:\/\/bgc-muenchen.de\/index.php?rest_route=\/wp\/v2\/posts\/5584\/revisions"}],"predecessor-version":[{"id":5589,"href":"https:\/\/bgc-muenchen.de\/index.php?rest_route=\/wp\/v2\/posts\/5584\/revisions\/5589"}],"wp:featuredmedia":[{"embeddable":true,"href":"https:\/\/bgc-muenchen.de\/index.php?rest_route=\/wp\/v2\/media\/5586"}],"wp:attachment":[{"href":"https:\/\/bgc-muenchen.de\/index.php?rest_route=%2Fwp%2Fv2%2Fmedia&parent=5584"}],"wp:term":[{"taxonomy":"category","embeddable":true,"href":"https:\/\/bgc-muenchen.de\/index.php?rest_route=%2Fwp%2Fv2%2Fcategories&post=5584"},{"taxonomy":"post_tag","embeddable":true,"href":"https:\/\/bgc-muenchen.de\/index.php?rest_route=%2Fwp%2Fv2%2Ftags&post=5584"}],"curies":[{"name":"wp","href":"https:\/\/api.w.org\/{rel}","templated":true}]}}