{"id":16684,"date":"2025-05-23T22:21:15","date_gmt":"2025-05-23T20:21:15","guid":{"rendered":"https:\/\/bgc-muenchen.de\/?p=16684"},"modified":"2025-05-23T22:22:57","modified_gmt":"2025-05-23T20:22:57","slug":"erweiterung-unseres-tanzangebots","status":"publish","type":"post","link":"https:\/\/bgc-muenchen.de\/?p=16684","title":{"rendered":"Erweiterung unseres Tanzangebots"},"content":{"rendered":"<p data-start=\"165\" data-end=\"377\">Wir freuen uns, unser bestehendes Trainingsprogramm um zwei neue Gruppen zu erg\u00e4nzen. Zus\u00e4tzlich zum regul\u00e4ren Training am Freitag und Sonntag gibt es nun zwei weitere Angebote f\u00fcr Einsteigerinnen und Einsteiger:<\/p>\n<ul data-start=\"379\" data-end=\"803\">\n<li data-start=\"379\" data-end=\"614\">\n<p data-start=\"381\" data-end=\"614\"><strong data-start=\"381\" data-end=\"394\">Dienstags<\/strong> trifft sich unsere neue <a href=\"https:\/\/bgc-muenchen.de\/einsteiger\/\"><strong data-start=\"419\" data-end=\"439\">Einsteigergruppe<\/strong><\/a>, in der wir uns den Grundlagen der Standard- und Lateint\u00e4nze widmen \u2013 strukturiert, verst\u00e4ndlich und mit dem Ziel, Schritt f\u00fcr Schritt Sicherheit auf dem Parkett zu gewinnen.<\/p>\n<\/li>\n<li data-start=\"615\" data-end=\"803\">\n<p data-start=\"617\" data-end=\"803\"><strong data-start=\"617\" data-end=\"629\">Freitags<\/strong> bieten wir zus\u00e4tzlich ein <a href=\"https:\/\/bgc-muenchen.de\/unterricht-fuer-beginner\/\"><strong data-start=\"656\" data-end=\"688\">Angebot f\u00fcr Anf\u00e4nger<\/strong><\/a>, das sich an alle richtet, die erste Tanzerfahrungen sammeln m\u00f6chten \u2013 in ruhigem Tempo und angenehmer Atmosph\u00e4re.<\/p>\n<\/li>\n<\/ul>\n<p data-start=\"805\" data-end=\"909\">Einen \u00dcberblick \u00fcber alle aktuellen Kurse finden Sie auf unserem <a href=\"https:\/\/bgc-muenchen.de\/wp-content\/uploads\/2025\/05\/Flyer-Tanzen-1.png\"><strong data-start=\"870\" data-end=\"880\">Plakat<\/strong><\/a>.<\/p>\n<p data-start=\"911\" data-end=\"1020\">Bei Interesse oder Fragen schreiben Sie uns gern an <strong data-start=\"963\" data-end=\"987\"><a class=\"cursor-pointer\" href=\"mailto:info@bgc-muenchen.de\" rel=\"noopener\" data-start=\"965\" data-end=\"985\">info@bgc-muenchen.de<\/a><\/strong> \u2013 wir melden uns zeitnah zur\u00fcck.<\/p>\n","protected":false},"excerpt":{"rendered":"<p>Wir freuen uns, unser bestehendes Trainingsprogramm um zwei neue Gruppen zu erg\u00e4nzen. Zus\u00e4tzlich zum regul\u00e4ren Training am Freitag und Sonntag gibt es nun zwei weitere Angebote f\u00fcr Einsteigerinnen und Einsteiger: [&hellip;]<\/p>\n","protected":false},"author":269,"featured_media":16686,"comment_status":"closed","ping_status":"closed","sticky":false,"template":"","format":"standard","meta":{"site-sidebar-layout":"default","site-content-layout":"","ast-site-content-layout":"default","site-content-style":"default","site-sidebar-style":"default","ast-global-header-display":"","ast-banner-title-visibility":"","ast-main-header-display":"","ast-hfb-above-header-display":"","ast-hfb-below-header-display":"","ast-hfb-mobile-header-display":"","site-post-title":"","ast-breadcrumbs-content":"","ast-featured-img":"","footer-sml-layout":"","ast-disable-related-posts":"","theme-transparent-header-meta":"","adv-header-id-meta":"","stick-header-meta":"","header-above-stick-meta":"","header-main-stick-meta":"","header-below-stick-meta":"","astra-migrate-meta-layouts":"default","ast-page-background-enabled":"default","ast-page-background-meta":{"desktop":{"background-color":"var(--ast-global-color-5)","background-image":"","background-repeat":"repeat","background-position":"center center","background-size":"auto","background-attachment":"scroll","background-type":"","background-media":"","overlay-type":"","overlay-color":"","overlay-opacity":"","overlay-gradient":""},"tablet":{"background-color":"","background-image":"","background-repeat":"repeat","background-position":"center center","background-size":"auto","background-attachment":"scroll","background-type":"","background-media":"","overlay-type":"","overlay-color":"","overlay-opacity":"","overlay-gradient":""},"mobile":{"background-color":"","background-image":"","background-repeat":"repeat","background-position":"center center","background-size":"auto","background-attachment":"scroll","background-type":"","background-media":"","overlay-type":"","overlay-color":"","overlay-opacity":"","overlay-gradient":""}},"ast-content-background-meta":{"desktop":{"background-color":"var(--ast-global-color-4)","background-image":"","background-repeat":"repeat","background-position":"center center","background-size":"auto","background-attachment":"scroll","background-type":"","background-media":"","overlay-type":"","overlay-color":"","overlay-opacity":"","overlay-gradient":""},"tablet":{"background-color":"var(--ast-global-color-4)","background-image":"","background-repeat":"repeat","background-position":"center center","background-size":"auto","background-attachment":"scroll","background-type":"","background-media":"","overlay-type":"","overlay-color":"","overlay-opacity":"","overlay-gradient":""},"mobile":{"background-color":"var(--ast-global-color-4)","background-image":"","background-repeat":"repeat","background-position":"center center","background-size":"auto","background-attachment":"scroll","background-type":"","background-media":"","overlay-type":"","overlay-color":"","overlay-opacity":"","overlay-gradient":""}},"footnotes":""},"categories":[3],"tags":[],"class_list":["post-16684","post","type-post","status-publish","format-standard","has-post-thumbnail","hentry","category-news"],"_links":{"self":[{"href":"https:\/\/bgc-muenchen.de\/index.php?rest_route=\/wp\/v2\/posts\/16684","targetHints":{"allow":["GET"]}}],"collection":[{"href":"https:\/\/bgc-muenchen.de\/index.php?rest_route=\/wp\/v2\/posts"}],"about":[{"href":"https:\/\/bgc-muenchen.de\/index.php?rest_route=\/wp\/v2\/types\/post"}],"author":[{"embeddable":true,"href":"https:\/\/bgc-muenchen.de\/index.php?rest_route=\/wp\/v2\/users\/269"}],"replies":[{"embeddable":true,"href":"https:\/\/bgc-muenchen.de\/index.php?rest_route=%2Fwp%2Fv2%2Fcomments&post=16684"}],"version-history":[{"count":2,"href":"https:\/\/bgc-muenchen.de\/index.php?rest_route=\/wp\/v2\/posts\/16684\/revisions"}],"predecessor-version":[{"id":16688,"href":"https:\/\/bgc-muenchen.de\/index.php?rest_route=\/wp\/v2\/posts\/16684\/revisions\/16688"}],"wp:featuredmedia":[{"embeddable":true,"href":"https:\/\/bgc-muenchen.de\/index.php?rest_route=\/wp\/v2\/media\/16686"}],"wp:attachment":[{"href":"https:\/\/bgc-muenchen.de\/index.php?rest_route=%2Fwp%2Fv2%2Fmedia&parent=16684"}],"wp:term":[{"taxonomy":"category","embeddable":true,"href":"https:\/\/bgc-muenchen.de\/index.php?rest_route=%2Fwp%2Fv2%2Fcategories&post=16684"},{"taxonomy":"post_tag","embeddable":true,"href":"https:\/\/bgc-muenchen.de\/index.php?rest_route=%2Fwp%2Fv2%2Ftags&post=16684"}],"curies":[{"name":"wp","href":"https:\/\/api.w.org\/{rel}","templated":true}]}}