{"id":16080,"date":"2023-11-21T00:58:31","date_gmt":"2023-11-20T23:58:31","guid":{"rendered":"https:\/\/bgc-muenchen.de\/?p=16080"},"modified":"2023-11-21T01:01:44","modified_gmt":"2023-11-21T00:01:44","slug":"gesamtsieg-bayernpokal-u18-und-aufstieg-in-die-jun-ii-b-lat-fuer-rusanna-und-slava","status":"publish","type":"post","link":"https:\/\/bgc-muenchen.de\/?p=16080","title":{"rendered":"Gesamtsieg Bayernpokal U18 und Aufstieg in die Jun II B Lat f\u00fcr Rusanna und Slava"},"content":{"rendered":"<p><b>Das Blau-Gold-Casino M\u00fcnchen feiert den Gesamtsieg des Bayernpokal U18 und den Aufstieg in die Junioren B II Latein von Rusanna und Slava<\/b><\/p>\n<p>Bei der Endveranstaltung der Turnierserie \u201eBayernpokal\u201c des Landes-Tanzsportverbandes Bayern, die es f\u00fcr alle Altersgruppen gibt, starteten Rusanna und Slava f\u00fcr das Blau-Gold-Casino M\u00fcnchen bei der Endveranstaltung am 12.11.2023 im Tanzsportclub Savoy M\u00fcnchen.<\/p>\n<p>Der Sieg in der C-Klasse der Gruppe Junioren II Latein und der 2. Platz in der Gruppe Jugend C Latein sorgte f\u00fcr den Gesamtsieg bei den Junioren C II Latein dieser Turnierserie.<\/p>\n<p>Die beiden zeigten eine konstante und harmonische Leistung in allen T\u00e4nzen, obwohl Rusanna eine Erk\u00e4ltung und leichtes Fieber hatte. Immerhin waren sie f\u00fcr zwei Startgruppen gemeldet, aber das \u201eharte\u201c Training mit Christian Fahn trug Fr\u00fcchte.<\/p>\n<p>Zur Freude des Paares, deren Familien, Trainer und Clubvertreter, wurde mit dem Gewinn des Bayernpokals der Aufstieg in die B-Klasse, der Gruppe Junioren B II Latein, verbunden und gefeiert.<\/p>\n<p>Die t\u00e4nzerische Zukunft befreit das Paar nun von der geliebten Schrittbegrenzung.<\/p>\n<p><img loading=\"lazy\" decoding=\"async\" src=\"https:\/\/bgc-muenchen.de\/wp-content\/uploads\/2023\/11\/20231112_SlavaRusanna-Bayernpokal-2023-1112-671x1500.jpg\" alt=\"\" width=\"671\" height=\"1500\" \/><\/p>\n","protected":false},"excerpt":{"rendered":"<p>Das Blau-Gold-Casino M\u00fcnchen feiert den Gesamtsieg des Bayernpokal U18 und den Aufstieg in die Junioren B II Latein von Rusanna und Slava Bei der Endveranstaltung der Turnierserie \u201eBayernpokal\u201c des Landes-Tanzsportverbandes [&hellip;]<\/p>\n","protected":false},"author":71,"featured_media":15976,"comment_status":"closed","ping_status":"closed","sticky":false,"template":"","format":"standard","meta":{"site-sidebar-layout":"default","site-content-layout":"","ast-site-content-layout":"default","site-content-style":"default","site-sidebar-style":"default","ast-global-header-display":"","ast-banner-title-visibility":"","ast-main-header-display":"","ast-hfb-above-header-display":"","ast-hfb-below-header-display":"","ast-hfb-mobile-header-display":"","site-post-title":"","ast-breadcrumbs-content":"","ast-featured-img":"","footer-sml-layout":"","ast-disable-related-posts":"","theme-transparent-header-meta":"","adv-header-id-meta":"","stick-header-meta":"","header-above-stick-meta":"","header-main-stick-meta":"","header-below-stick-meta":"","astra-migrate-meta-layouts":"default","ast-page-background-enabled":"default","ast-page-background-meta":{"desktop":{"background-color":"var(--ast-global-color-5)","background-image":"","background-repeat":"repeat","background-position":"center center","background-size":"auto","background-attachment":"scroll","background-type":"","background-media":"","overlay-type":"","overlay-color":"","overlay-opacity":"","overlay-gradient":""},"tablet":{"background-color":"","background-image":"","background-repeat":"repeat","background-position":"center center","background-size":"auto","background-attachment":"scroll","background-type":"","background-media":"","overlay-type":"","overlay-color":"","overlay-opacity":"","overlay-gradient":""},"mobile":{"background-color":"","background-image":"","background-repeat":"repeat","background-position":"center center","background-size":"auto","background-attachment":"scroll","background-type":"","background-media":"","overlay-type":"","overlay-color":"","overlay-opacity":"","overlay-gradient":""}},"ast-content-background-meta":{"desktop":{"background-color":"var(--ast-global-color-4)","background-image":"","background-repeat":"repeat","background-position":"center center","background-size":"auto","background-attachment":"scroll","background-type":"","background-media":"","overlay-type":"","overlay-color":"","overlay-opacity":"","overlay-gradient":""},"tablet":{"background-color":"var(--ast-global-color-4)","background-image":"","background-repeat":"repeat","background-position":"center center","background-size":"auto","background-attachment":"scroll","background-type":"","background-media":"","overlay-type":"","overlay-color":"","overlay-opacity":"","overlay-gradient":""},"mobile":{"background-color":"var(--ast-global-color-4)","background-image":"","background-repeat":"repeat","background-position":"center center","background-size":"auto","background-attachment":"scroll","background-type":"","background-media":"","overlay-type":"","overlay-color":"","overlay-opacity":"","overlay-gradient":""}},"footnotes":""},"categories":[248,5],"tags":[],"class_list":["post-16080","post","type-post","status-publish","format-standard","has-post-thumbnail","hentry","category-slava-und-rusanna","category-turnierberichte"],"_links":{"self":[{"href":"https:\/\/bgc-muenchen.de\/index.php?rest_route=\/wp\/v2\/posts\/16080","targetHints":{"allow":["GET"]}}],"collection":[{"href":"https:\/\/bgc-muenchen.de\/index.php?rest_route=\/wp\/v2\/posts"}],"about":[{"href":"https:\/\/bgc-muenchen.de\/index.php?rest_route=\/wp\/v2\/types\/post"}],"author":[{"embeddable":true,"href":"https:\/\/bgc-muenchen.de\/index.php?rest_route=\/wp\/v2\/users\/71"}],"replies":[{"embeddable":true,"href":"https:\/\/bgc-muenchen.de\/index.php?rest_route=%2Fwp%2Fv2%2Fcomments&post=16080"}],"version-history":[{"count":5,"href":"https:\/\/bgc-muenchen.de\/index.php?rest_route=\/wp\/v2\/posts\/16080\/revisions"}],"predecessor-version":[{"id":16086,"href":"https:\/\/bgc-muenchen.de\/index.php?rest_route=\/wp\/v2\/posts\/16080\/revisions\/16086"}],"wp:featuredmedia":[{"embeddable":true,"href":"https:\/\/bgc-muenchen.de\/index.php?rest_route=\/wp\/v2\/media\/15976"}],"wp:attachment":[{"href":"https:\/\/bgc-muenchen.de\/index.php?rest_route=%2Fwp%2Fv2%2Fmedia&parent=16080"}],"wp:term":[{"taxonomy":"category","embeddable":true,"href":"https:\/\/bgc-muenchen.de\/index.php?rest_route=%2Fwp%2Fv2%2Fcategories&post=16080"},{"taxonomy":"post_tag","embeddable":true,"href":"https:\/\/bgc-muenchen.de\/index.php?rest_route=%2Fwp%2Fv2%2Ftags&post=16080"}],"curies":[{"name":"wp","href":"https:\/\/api.w.org\/{rel}","templated":true}]}}