{"id":15999,"date":"2023-07-25T19:52:12","date_gmt":"2023-07-25T17:52:12","guid":{"rendered":"https:\/\/bgc-muenchen.de\/?p=15999"},"modified":"2023-10-04T18:45:12","modified_gmt":"2023-10-04T16:45:12","slug":"tag-der-offenen-tuer-am-08-oktober-2023","status":"publish","type":"post","link":"https:\/\/bgc-muenchen.de\/?p=15999","title":{"rendered":"Tag der offenen T\u00fcr am 08. Oktober 2023"},"content":{"rendered":"<p><img loading=\"lazy\" decoding=\"async\" class=\"alignright\" src=\"https:\/\/bgc-muenchen.de\/wp-content\/uploads\/2023\/07\/TdoffT_OKT-2023.jpg\" alt=\"\" width=\"281\" height=\"398\" \/>Wir freuen uns bereits in diesem Jahr erneut die T\u00fcren \u00f6ffnen zu k\u00f6nnen und laden alle Tanzbegeisterte zum Tag der Offenen T\u00fcr ein! Besuchen Sie uns am<strong>\u00a0<\/strong><\/p>\n<p style=\"text-align: center;\"><strong>Sonntag, 08. Oktober 2023 \u2013 von 15 bis 20 Uhr\u00a0 <\/strong><\/p>\n<p>in unserem Clubheim in der Ohmstra\u00dfe 14, 85757 Karlsfeld.<\/p>\n<p>Zu jeder vollen Stunde gibt es kurze Workshops zum Mitmachen oder einfach nur sehen und h\u00f6ren, wer wir sind und was wir in unserem Verein alles anbieten.<\/p>\n<p style=\"text-align: center;\"><strong>F\u00fcr den Hunger zwischendurch sorgt ein buntes Kuchenbuffet.<\/strong><\/p>\n<p>Darbietungen von unseren Tanzgruppen und Einzelpaaren werden Sie in gute Laune versetzen. Erleben sie mit uns einen beschwingten Nachmittag voller Musik \u2013 von Salsa bis Walzer und jede Menge lebenslustiger netter Leute.<\/p>\n<p>&nbsp;<\/p>\n<p><strong>Programm:<\/strong><\/p>\n<table style=\"border-collapse: collapse; width: 87.5258%;\">\n<tbody>\n<tr>\n<td style=\"width: 28.2193%; color: dodgerblue;\">15:00 Uhr<\/td>\n<td style=\"width: 79.1334%; color: dodgerblue;\">Begr\u00fc\u00dfung der G\u00e4ste<\/td>\n<\/tr>\n<tr>\n<td style=\"width: 28.2193%;\"><\/td>\n<td style=\"width: 79.1334%;\">Tanzeinlage Formation Salsa<\/td>\n<\/tr>\n<tr>\n<td style=\"width: 28.2193%; color: dodgerblue;\">15:15 bis 15:45 Uhr<\/td>\n<td style=\"width: 79.1334%; color: dodgerblue;\">Vorf\u00fchrungen und Mitmachprogramm Kinder GK<\/td>\n<\/tr>\n<tr>\n<td style=\"width: 28.2193%;\"><\/td>\n<td style=\"width: 79.1334%;\">Tanzeinlage Langsamer Walzer M &amp; H<\/td>\n<\/tr>\n<tr>\n<td style=\"width: 28.2193%; color: dodgerblue;\">16:00 bis 16:30 Uhr<\/td>\n<td style=\"width: 79.1334%; color: dodgerblue;\">Workshop Nadine Lammer &#8211; Standard<\/td>\n<\/tr>\n<tr>\n<td style=\"width: 28.2193%;\"><\/td>\n<td style=\"width: 79.1334%;\">Tanz f\u00fcr ALLE<\/td>\n<\/tr>\n<tr>\n<td style=\"width: 28.2193%;\"><\/td>\n<td style=\"width: 79.1334%;\">Tanzeinlage Formation S\/J<\/td>\n<\/tr>\n<tr>\n<td style=\"width: 28.2193%; color: dodgerblue;\">17:00 bis 17:30 Uhr<\/td>\n<td style=\"width: 79.1334%; color: dodgerblue;\">Workshop \u2013 Discofox Beate und Thomas<\/td>\n<\/tr>\n<tr>\n<td style=\"width: 28.2193%;\"><\/td>\n<td style=\"width: 79.1334%;\">Tanzeinlage Discofox Showtanz<\/td>\n<\/tr>\n<tr>\n<td style=\"width: 28.2193%;\"><\/td>\n<td style=\"width: 79.1334%;\">freies Tanzen<\/td>\n<\/tr>\n<tr>\n<td style=\"width: 28.2193%; color: dodgerblue;\">17:45 Uhr<\/td>\n<td style=\"width: 79.1334%;\">Tanzeinlage Rumba M &amp; H<\/td>\n<\/tr>\n<tr>\n<td style=\"width: 28.2193%; color: dodgerblue;\">18:00 bis 18:30 Uhr<\/td>\n<td style=\"width: 79.1334%; color: dodgerblue;\">Workshop Andrij Spiech, Salsa<\/td>\n<\/tr>\n<tr>\n<td style=\"width: 28.2193%;\"><\/td>\n<td style=\"width: 79.1334%;\">Tanz f\u00fcr ALLE<\/td>\n<\/tr>\n<tr>\n<td style=\"width: 28.2193%; color: dodgerblue;\">18:45 bis 19:15 Uhr<\/td>\n<td style=\"width: 79.1334%; color: dodgerblue;\">Workshop Christian Fahn<\/td>\n<\/tr>\n<tr>\n<td style=\"width: 28.2193%;\"><\/td>\n<td style=\"width: 79.1334%;\">Tanzeinlage Jugendpaar Latein, Rusanna \/Slava<\/td>\n<\/tr>\n<tr>\n<td style=\"width: 28.2193%; color: dodgerblue;\">19:30 bis 20:00 Uhr<\/td>\n<td style=\"width: 79.1334%; color: dodgerblue;\">Tanz f\u00fcr ALLE<\/td>\n<\/tr>\n<\/tbody>\n<\/table>\n<p><a href=\"https:\/\/bgc-muenchen.de\/events\/tag-der-offenen-tuer-2023-2\/\" target=\"_blank\" rel=\"noopener\">Zur Veranstaltung<\/a><\/p>\n<p>&nbsp;<\/p>\n<p>&nbsp;<\/p>\n","protected":false},"excerpt":{"rendered":"<p>Wir freuen uns bereits in diesem Jahr erneut die T\u00fcren \u00f6ffnen zu k\u00f6nnen und laden alle Tanzbegeisterte zum Tag der Offenen T\u00fcr ein! Besuchen Sie uns am\u00a0 Sonntag, 08. Oktober [&hellip;]<\/p>\n","protected":false},"author":71,"featured_media":15998,"comment_status":"closed","ping_status":"closed","sticky":false,"template":"","format":"standard","meta":{"site-sidebar-layout":"default","site-content-layout":"","ast-site-content-layout":"default","site-content-style":"default","site-sidebar-style":"default","ast-global-header-display":"","ast-banner-title-visibility":"","ast-main-header-display":"","ast-hfb-above-header-display":"","ast-hfb-below-header-display":"","ast-hfb-mobile-header-display":"","site-post-title":"","ast-breadcrumbs-content":"","ast-featured-img":"","footer-sml-layout":"","ast-disable-related-posts":"","theme-transparent-header-meta":"","adv-header-id-meta":"","stick-header-meta":"","header-above-stick-meta":"","header-main-stick-meta":"","header-below-stick-meta":"","astra-migrate-meta-layouts":"default","ast-page-background-enabled":"default","ast-page-background-meta":{"desktop":{"background-color":"var(--ast-global-color-5)","background-image":"","background-repeat":"repeat","background-position":"center center","background-size":"auto","background-attachment":"scroll","background-type":"","background-media":"","overlay-type":"","overlay-color":"","overlay-opacity":"","overlay-gradient":""},"tablet":{"background-color":"","background-image":"","background-repeat":"repeat","background-position":"center center","background-size":"auto","background-attachment":"scroll","background-type":"","background-media":"","overlay-type":"","overlay-color":"","overlay-opacity":"","overlay-gradient":""},"mobile":{"background-color":"","background-image":"","background-repeat":"repeat","background-position":"center center","background-size":"auto","background-attachment":"scroll","background-type":"","background-media":"","overlay-type":"","overlay-color":"","overlay-opacity":"","overlay-gradient":""}},"ast-content-background-meta":{"desktop":{"background-color":"var(--ast-global-color-4)","background-image":"","background-repeat":"repeat","background-position":"center center","background-size":"auto","background-attachment":"scroll","background-type":"","background-media":"","overlay-type":"","overlay-color":"","overlay-opacity":"","overlay-gradient":""},"tablet":{"background-color":"var(--ast-global-color-4)","background-image":"","background-repeat":"repeat","background-position":"center center","background-size":"auto","background-attachment":"scroll","background-type":"","background-media":"","overlay-type":"","overlay-color":"","overlay-opacity":"","overlay-gradient":""},"mobile":{"background-color":"var(--ast-global-color-4)","background-image":"","background-repeat":"repeat","background-position":"center center","background-size":"auto","background-attachment":"scroll","background-type":"","background-media":"","overlay-type":"","overlay-color":"","overlay-opacity":"","overlay-gradient":""}},"footnotes":""},"categories":[24,207,3],"tags":[],"class_list":["post-15999","post","type-post","status-publish","format-standard","has-post-thumbnail","hentry","category-events","category-important","category-news"],"_links":{"self":[{"href":"https:\/\/bgc-muenchen.de\/index.php?rest_route=\/wp\/v2\/posts\/15999","targetHints":{"allow":["GET"]}}],"collection":[{"href":"https:\/\/bgc-muenchen.de\/index.php?rest_route=\/wp\/v2\/posts"}],"about":[{"href":"https:\/\/bgc-muenchen.de\/index.php?rest_route=\/wp\/v2\/types\/post"}],"author":[{"embeddable":true,"href":"https:\/\/bgc-muenchen.de\/index.php?rest_route=\/wp\/v2\/users\/71"}],"replies":[{"embeddable":true,"href":"https:\/\/bgc-muenchen.de\/index.php?rest_route=%2Fwp%2Fv2%2Fcomments&post=15999"}],"version-history":[{"count":5,"href":"https:\/\/bgc-muenchen.de\/index.php?rest_route=\/wp\/v2\/posts\/15999\/revisions"}],"predecessor-version":[{"id":16036,"href":"https:\/\/bgc-muenchen.de\/index.php?rest_route=\/wp\/v2\/posts\/15999\/revisions\/16036"}],"wp:featuredmedia":[{"embeddable":true,"href":"https:\/\/bgc-muenchen.de\/index.php?rest_route=\/wp\/v2\/media\/15998"}],"wp:attachment":[{"href":"https:\/\/bgc-muenchen.de\/index.php?rest_route=%2Fwp%2Fv2%2Fmedia&parent=15999"}],"wp:term":[{"taxonomy":"category","embeddable":true,"href":"https:\/\/bgc-muenchen.de\/index.php?rest_route=%2Fwp%2Fv2%2Fcategories&post=15999"},{"taxonomy":"post_tag","embeddable":true,"href":"https:\/\/bgc-muenchen.de\/index.php?rest_route=%2Fwp%2Fv2%2Ftags&post=15999"}],"curies":[{"name":"wp","href":"https:\/\/api.w.org\/{rel}","templated":true}]}}