{"id":14628,"date":"2022-11-29T17:59:39","date_gmt":"2022-11-29T16:59:39","guid":{"rendered":"https:\/\/bgc-muenchen.de\/?p=14628"},"modified":"2022-12-14T12:36:19","modified_gmt":"2022-12-14T11:36:19","slug":"geschafft-andy-und-anita-glueckt-der-aufstieg-in-die-mas-iii-a","status":"publish","type":"post","link":"https:\/\/bgc-muenchen.de\/?p=14628","title":{"rendered":"Geschafft! Andy und Anita M\u00e4rtl gl\u00fcckt der Aufstieg in die MAS III A"},"content":{"rendered":"<p>Andy und Anita M\u00e4rtl haben ein erfolgreiches Wochenende hinter sich gebracht.<\/p>\n<p>Am Samstag, 26.11.2022 starteten die beiden beim <a href=\"https:\/\/www.tsg-fuerth.de\/mfr%20tanzsportwochenende.htm\"><strong>Mittelfr\u00e4nkisches Tanzsportwochenende im TTC Erlangen und belegten den 5. Platz<\/strong>.<\/a><\/p>\n<p>Am Sonntag, 27.11.2022 war es soweit! Beim Turnier des <a href=\"http:\/\/www.rgc-nuernberg.de\/\"><strong>TSC Rot-Gold-Casino N\u00fcrnberg<\/strong> <\/a>belegten sie den 3. Platz von 10 Paaren und haben damit endlich den letzten fehlenden Podestplatz f\u00fcr den Aufstieg in die MAS III A! (K\u00fcrzlich wurde die Klassenbezeichnung von Senioren (SEN) in Master (MAS) umbenannt).<\/p>\n<p>\u00a0<\/p>\n<p>Au\u00dferdem erreichten die Beiden den 2. Platz in der Bayernpokal Serie der Mas III B und den 4. Platz in der MAS III A!<\/p>\n<p>\t\t\t\t\t\t\t\t\t\t\t\t<img decoding=\"async\" width=\"1024\" height=\"768\" src=\"https:\/\/bgc-muenchen.de\/wp-content\/uploads\/2022\/11\/BGC-20221127-2.-Platz-Bayerpokel-Mas-III-B-1-1024x768.jpg\" alt=\"\" loading=\"lazy\" \/>\t\t\t\t\t\t\t\t\t\t\t\t\t\t<\/p>\n<p><strong>Der Vorstand des BGC gratuliert Andy und Anita im Namen aller Mitglieder sehr herzlich zu diesem gro\u00dfartigen Erfolg!<\/strong><\/p>\n<p>\t\t\t\t\t\t\t\t\t\t\t\t<img decoding=\"async\" width=\"768\" height=\"1024\" src=\"https:\/\/bgc-muenchen.de\/wp-content\/uploads\/2022\/11\/BGC-20221127-Andy-und-Anita-und-Fans-1-768x1024.jpg\" alt=\"\" loading=\"lazy\" \/>\t\t\t\t\t\t\t\t\t\t\t\t\t\t<\/p>\n<p>Andi und Anita bedanken sich bei allen, die ihnen die Daumen gedr\u00fcckt haben und vor allem ihren Trainern Stefanie Ianosi-Pavelic &amp; Bogdan Ianosi f\u00fcr ihren unerm\u00fcdlichen Einsatz.<\/p>\n<p>Danke auch an Bianca &amp; Eugen Cosma, die uns am Sonntag motiviert und angefeuert haben.<\/p>\n","protected":false},"excerpt":{"rendered":"<p>Andy und Anita M\u00e4rtl haben ein erfolgreiches Wochenende hinter sich gebracht. Am Samstag, 26.11.2022 starteten die beiden beim Mittelfr\u00e4nkisches Tanzsportwochenende im TTC Erlangen und belegten den 5. Platz. Am Sonntag, [&hellip;]<\/p>\n","protected":false},"author":3,"featured_media":14625,"comment_status":"closed","ping_status":"closed","sticky":false,"template":"","format":"standard","meta":{"site-sidebar-layout":"default","site-content-layout":"","ast-site-content-layout":"default","site-content-style":"default","site-sidebar-style":"default","ast-global-header-display":"","ast-banner-title-visibility":"","ast-main-header-display":"","ast-hfb-above-header-display":"","ast-hfb-below-header-display":"","ast-hfb-mobile-header-display":"","site-post-title":"","ast-breadcrumbs-content":"","ast-featured-img":"","footer-sml-layout":"","ast-disable-related-posts":"","theme-transparent-header-meta":"","adv-header-id-meta":"","stick-header-meta":"","header-above-stick-meta":"","header-main-stick-meta":"","header-below-stick-meta":"","astra-migrate-meta-layouts":"default","ast-page-background-enabled":"default","ast-page-background-meta":{"desktop":{"background-color":"var(--ast-global-color-5)","background-image":"","background-repeat":"repeat","background-position":"center center","background-size":"auto","background-attachment":"scroll","background-type":"","background-media":"","overlay-type":"","overlay-color":"","overlay-opacity":"","overlay-gradient":""},"tablet":{"background-color":"","background-image":"","background-repeat":"repeat","background-position":"center center","background-size":"auto","background-attachment":"scroll","background-type":"","background-media":"","overlay-type":"","overlay-color":"","overlay-opacity":"","overlay-gradient":""},"mobile":{"background-color":"","background-image":"","background-repeat":"repeat","background-position":"center center","background-size":"auto","background-attachment":"scroll","background-type":"","background-media":"","overlay-type":"","overlay-color":"","overlay-opacity":"","overlay-gradient":""}},"ast-content-background-meta":{"desktop":{"background-color":"var(--ast-global-color-4)","background-image":"","background-repeat":"repeat","background-position":"center center","background-size":"auto","background-attachment":"scroll","background-type":"","background-media":"","overlay-type":"","overlay-color":"","overlay-opacity":"","overlay-gradient":""},"tablet":{"background-color":"var(--ast-global-color-4)","background-image":"","background-repeat":"repeat","background-position":"center center","background-size":"auto","background-attachment":"scroll","background-type":"","background-media":"","overlay-type":"","overlay-color":"","overlay-opacity":"","overlay-gradient":""},"mobile":{"background-color":"var(--ast-global-color-4)","background-image":"","background-repeat":"repeat","background-position":"center center","background-size":"auto","background-attachment":"scroll","background-type":"","background-media":"","overlay-type":"","overlay-color":"","overlay-opacity":"","overlay-gradient":""}},"footnotes":""},"categories":[92,5],"tags":[],"class_list":["post-14628","post","type-post","status-publish","format-standard","has-post-thumbnail","hentry","category-andi-und-anita","category-turnierberichte"],"_links":{"self":[{"href":"https:\/\/bgc-muenchen.de\/index.php?rest_route=\/wp\/v2\/posts\/14628","targetHints":{"allow":["GET"]}}],"collection":[{"href":"https:\/\/bgc-muenchen.de\/index.php?rest_route=\/wp\/v2\/posts"}],"about":[{"href":"https:\/\/bgc-muenchen.de\/index.php?rest_route=\/wp\/v2\/types\/post"}],"author":[{"embeddable":true,"href":"https:\/\/bgc-muenchen.de\/index.php?rest_route=\/wp\/v2\/users\/3"}],"replies":[{"embeddable":true,"href":"https:\/\/bgc-muenchen.de\/index.php?rest_route=%2Fwp%2Fv2%2Fcomments&post=14628"}],"version-history":[{"count":11,"href":"https:\/\/bgc-muenchen.de\/index.php?rest_route=\/wp\/v2\/posts\/14628\/revisions"}],"predecessor-version":[{"id":14758,"href":"https:\/\/bgc-muenchen.de\/index.php?rest_route=\/wp\/v2\/posts\/14628\/revisions\/14758"}],"wp:featuredmedia":[{"embeddable":true,"href":"https:\/\/bgc-muenchen.de\/index.php?rest_route=\/wp\/v2\/media\/14625"}],"wp:attachment":[{"href":"https:\/\/bgc-muenchen.de\/index.php?rest_route=%2Fwp%2Fv2%2Fmedia&parent=14628"}],"wp:term":[{"taxonomy":"category","embeddable":true,"href":"https:\/\/bgc-muenchen.de\/index.php?rest_route=%2Fwp%2Fv2%2Fcategories&post=14628"},{"taxonomy":"post_tag","embeddable":true,"href":"https:\/\/bgc-muenchen.de\/index.php?rest_route=%2Fwp%2Fv2%2Ftags&post=14628"}],"curies":[{"name":"wp","href":"https:\/\/api.w.org\/{rel}","templated":true}]}}