{"id":14016,"date":"2022-09-19T16:32:39","date_gmt":"2022-09-19T14:32:39","guid":{"rendered":"https:\/\/bgc-muenchen.de\/?p=14016"},"modified":"2022-09-19T16:54:47","modified_gmt":"2022-09-19T14:54:47","slug":"weitere-turniererfolge-fuer-andy-und-anita-maertl","status":"publish","type":"post","link":"https:\/\/bgc-muenchen.de\/?p=14016","title":{"rendered":"Weitere Turniererfolge f\u00fcr Andy und Anita M\u00e4rtl"},"content":{"rendered":"<p><\/p><p>Durch die Vorbereitung f\u00fcr den Galkepokal ist leider die Berichterstattung \u00fcber die weiteren Erfolge von Andy und Anita M\u00e4rtl untergegangen.<\/p><p><\/p><p><\/p><p><\/p><p><\/p><p>\u00a0<\/p><p><\/p><p><\/p><p><\/p>\t\t\n\t\t\t\t\t\t\t\t\t\t\t\t<img decoding=\"async\" width=\"400\" height=\"300\" src=\"https:\/\/bgc-muenchen.de\/wp-content\/uploads\/2022\/09\/BGC-20220903_Andy-und-Anita-Leipzig.jpg\" alt=\"\" loading=\"lazy\" \/>\t\t\t\t\t\t\t\t\t\t\t\t\t\t\n\t\t\t<h3>Leipzig<\/h3>\t\t\n\t\t<p>Am 3.9.2022 sind die beiden in Leipzig gestartet und haben dort den 5. Platz belegt.<\/p>\t\t\n\t\t\t\t\t\t\t\t\t\t\t\t<img decoding=\"async\" width=\"400\" height=\"300\" src=\"https:\/\/bgc-muenchen.de\/wp-content\/uploads\/2022\/09\/BGC-20220911-Andy-und-Anita-in-Viernheim.jpg\" alt=\"\" loading=\"lazy\" \/>\t\t\t\t\t\t\t\t\t\t\t\t\t\t\n\t\t\t<h2>Viernheim<\/h2>\t\t\n\t\t<p>Die Woche darauf tanzten die beiden am 10.\/11.9.2022 in Viernheim und erreichten dort am Samstag war den 2. Platz am Sonntag der 3. Platz. Damit war der Match-Plan aufgegangen, dass sie bei mit einem Podestplatz beim Vereinsturnier gestern\u00a0 den Aufstieg in die Sen III A zu sichern.<\/p>\t\t\n\t\t\t\t\t\t\t\t\t\t\t\t<img decoding=\"async\" width=\"400\" height=\"300\" src=\"https:\/\/bgc-muenchen.de\/wp-content\/uploads\/2022\/09\/BGC-20220918_Andy-und-Anita-Galke.jpg\" alt=\"\" loading=\"lazy\" \/>\t\t\t\t\t\t\t\t\t\t\t\t\t\t\n\t\t\t<h3>Heimturnier in M\u00fcnchen<\/h3>\t\t\n\t\t<p>Leider lief es beim Heimturnier gesteren alles andere als optimal. In der Vorrunde hatten sie in zwei T\u00e4nzen heftige Kollisonen mit anderen Paaren und beim Zuschauen hat uns der Atem gestockt und wir haben inst\u00e4ndigt gehofft, dass die beiden das Turnier unverletzt beenden k\u00f6nnen. Trotz der beiden schweren Irritationen erreichten die beiden das Finale, allerdings reichte es nicht f\u00fcr einen Podestplatz und die beiden mussten mit dem 6. Platz vorlieb nehmen.<\/p><p>Andy und Anita danken Ihren Trainern Steffi &amp; Bogdan sowie allen die die Daumen gedr\u00fcckt hielten.<\/p>\n<p>Wir werden weiter die Daumen dr\u00fccken, dass es bald mit dem Aufstieg klappen wird und gratulieren f\u00fcr die gro\u00dfartigen Erfolge.<\/p>","protected":false},"excerpt":{"rendered":"<p>Durch die Vorbereitung f\u00fcr den Galkepokal ist leider die Berichterstattung \u00fcber die weiteren Erfolge von Andy und Anita M\u00e4rtl untergegangen. \u00a0 Leipzig Am 3.9.2022 sind die beiden in Leipzig gestartet [&hellip;]<\/p>\n","protected":false},"author":3,"featured_media":14017,"comment_status":"closed","ping_status":"closed","sticky":false,"template":"","format":"standard","meta":{"site-sidebar-layout":"default","site-content-layout":"","ast-site-content-layout":"default","site-content-style":"default","site-sidebar-style":"default","ast-global-header-display":"","ast-banner-title-visibility":"","ast-main-header-display":"","ast-hfb-above-header-display":"","ast-hfb-below-header-display":"","ast-hfb-mobile-header-display":"","site-post-title":"","ast-breadcrumbs-content":"","ast-featured-img":"","footer-sml-layout":"","ast-disable-related-posts":"","theme-transparent-header-meta":"","adv-header-id-meta":"","stick-header-meta":"","header-above-stick-meta":"","header-main-stick-meta":"","header-below-stick-meta":"","astra-migrate-meta-layouts":"default","ast-page-background-enabled":"default","ast-page-background-meta":{"desktop":{"background-color":"var(--ast-global-color-5)","background-image":"","background-repeat":"repeat","background-position":"center center","background-size":"auto","background-attachment":"scroll","background-type":"","background-media":"","overlay-type":"","overlay-color":"","overlay-opacity":"","overlay-gradient":""},"tablet":{"background-color":"","background-image":"","background-repeat":"repeat","background-position":"center center","background-size":"auto","background-attachment":"scroll","background-type":"","background-media":"","overlay-type":"","overlay-color":"","overlay-opacity":"","overlay-gradient":""},"mobile":{"background-color":"","background-image":"","background-repeat":"repeat","background-position":"center center","background-size":"auto","background-attachment":"scroll","background-type":"","background-media":"","overlay-type":"","overlay-color":"","overlay-opacity":"","overlay-gradient":""}},"ast-content-background-meta":{"desktop":{"background-color":"var(--ast-global-color-4)","background-image":"","background-repeat":"repeat","background-position":"center center","background-size":"auto","background-attachment":"scroll","background-type":"","background-media":"","overlay-type":"","overlay-color":"","overlay-opacity":"","overlay-gradient":""},"tablet":{"background-color":"var(--ast-global-color-4)","background-image":"","background-repeat":"repeat","background-position":"center center","background-size":"auto","background-attachment":"scroll","background-type":"","background-media":"","overlay-type":"","overlay-color":"","overlay-opacity":"","overlay-gradient":""},"mobile":{"background-color":"var(--ast-global-color-4)","background-image":"","background-repeat":"repeat","background-position":"center center","background-size":"auto","background-attachment":"scroll","background-type":"","background-media":"","overlay-type":"","overlay-color":"","overlay-opacity":"","overlay-gradient":""}},"footnotes":""},"categories":[92,5],"tags":[],"class_list":["post-14016","post","type-post","status-publish","format-standard","has-post-thumbnail","hentry","category-andi-und-anita","category-turnierberichte"],"_links":{"self":[{"href":"https:\/\/bgc-muenchen.de\/index.php?rest_route=\/wp\/v2\/posts\/14016","targetHints":{"allow":["GET"]}}],"collection":[{"href":"https:\/\/bgc-muenchen.de\/index.php?rest_route=\/wp\/v2\/posts"}],"about":[{"href":"https:\/\/bgc-muenchen.de\/index.php?rest_route=\/wp\/v2\/types\/post"}],"author":[{"embeddable":true,"href":"https:\/\/bgc-muenchen.de\/index.php?rest_route=\/wp\/v2\/users\/3"}],"replies":[{"embeddable":true,"href":"https:\/\/bgc-muenchen.de\/index.php?rest_route=%2Fwp%2Fv2%2Fcomments&post=14016"}],"version-history":[{"count":9,"href":"https:\/\/bgc-muenchen.de\/index.php?rest_route=\/wp\/v2\/posts\/14016\/revisions"}],"predecessor-version":[{"id":14036,"href":"https:\/\/bgc-muenchen.de\/index.php?rest_route=\/wp\/v2\/posts\/14016\/revisions\/14036"}],"wp:featuredmedia":[{"embeddable":true,"href":"https:\/\/bgc-muenchen.de\/index.php?rest_route=\/wp\/v2\/media\/14017"}],"wp:attachment":[{"href":"https:\/\/bgc-muenchen.de\/index.php?rest_route=%2Fwp%2Fv2%2Fmedia&parent=14016"}],"wp:term":[{"taxonomy":"category","embeddable":true,"href":"https:\/\/bgc-muenchen.de\/index.php?rest_route=%2Fwp%2Fv2%2Fcategories&post=14016"},{"taxonomy":"post_tag","embeddable":true,"href":"https:\/\/bgc-muenchen.de\/index.php?rest_route=%2Fwp%2Fv2%2Ftags&post=14016"}],"curies":[{"name":"wp","href":"https:\/\/api.w.org\/{rel}","templated":true}]}}