{"id":13974,"date":"2022-09-14T00:06:30","date_gmt":"2022-09-13T22:06:30","guid":{"rendered":"https:\/\/bgc-muenchen.de\/?p=13974"},"modified":"2022-10-18T08:23:57","modified_gmt":"2022-10-18T06:23:57","slug":"stefanie-und-bogdan-haben-ja-zueinander-gesagt","status":"publish","type":"post","link":"https:\/\/bgc-muenchen.de\/?p=13974","title":{"rendered":"Stefanie und Bogdan haben \u201eJA\u201c zueinander gesagt!"},"content":{"rendered":"<blockquote><p>Von Eugen Cosma\/Vorstand des BGC<\/p><\/blockquote>\n<p class=\"p1\" style=\"margin: 0cm;\"><span class=\"s2\"><span style=\"font-size: 12.0pt; font-family: 'Verdana',sans-serif;\">Nach langer Vorbereitung, bester Organisation und logistischen Meisterleistungen gaben sich am <b>03.09.2022<\/b> unser Standardtrainer-Paar <\/span><\/span><\/p>\n<p class=\"p1\" style=\"margin: 0cm; text-align: center;\"><span class=\"s1\"><b><span style=\"font-size: 12.0pt; font-family: 'Verdana',sans-serif;\">Stefanie Pavelic und Bogdan Ianosi <\/span><\/b><\/span><\/p>\n<p class=\"p1\" style=\"margin: 0cm;\"><span class=\"s2\"><span style=\"font-size: 12.0pt; font-family: 'Verdana',sans-serif;\">das \u201eJA\u201c Wort.<\/span><\/span><\/p>\n<p class=\"p2\" style=\"margin: 0cm;\"><span style=\"font-size: 12.0pt; font-family: 'Verdana',sans-serif;\">\u00a0<\/span><\/p>\n<p class=\"p1\" style=\"margin: 0cm;\"><span class=\"s2\"><span style=\"font-size: 12.0pt; font-family: 'Verdana',sans-serif;\">Die Hochzeit fand in der Heimatstadt von Bogdan in Toplita\/Rum\u00e4nien statt.<\/span><\/span><\/p>\n<p class=\"p2\" style=\"margin: 0cm;\"><span style=\"font-size: 12.0pt; font-family: 'Verdana',sans-serif;\">\u00a0<\/span><\/p>\n<p class=\"p1\" style=\"margin: 0cm;\"><span class=\"s1\"><b><span style=\"font-size: 12.0pt; font-family: 'Verdana',sans-serif;\">Alle waren \u00fcberw\u00e4ltigt<\/span><\/b><\/span><\/p>\n<p class=\"p1\" style=\"margin: 0cm;\"><span class=\"s2\"><span style=\"font-size: 12.0pt; font-family: 'Verdana',sans-serif;\">Eltern, Verwandte und Freunde haben das jungverm\u00e4hlte Paar gefeiert. Es war eine Traumhochzeit wie aus dem Bilderbuch.<\/span><\/span><\/p>\n<p class=\"p1\" style=\"margin: 0cm;\"><span class=\"s2\"><span style=\"font-size: 12.0pt; font-family: 'Verdana',sans-serif;\">Drei Tage, die gesegnet waren von guter Laune, vielen lieben Menschen, Gl\u00fcckseligkeit, \u00fcberspr\u00fchender Liebe, tollem Ambiente, viel Freude und jede Menge Tanz und viel Spa\u00df.<\/span><\/span><\/p>\n<p class=\"p2\" style=\"margin: 0cm;\"><span style=\"font-size: 12.0pt; font-family: 'Verdana',sans-serif;\">\u00a0<\/span><\/p>\n<p class=\"p1\" style=\"margin: 0cm;\"><span class=\"s2\"><span style=\"font-size: 12.0pt; font-family: 'Verdana',sans-serif;\">Die kirchliche Trauung fand in einem wundersch\u00f6nen kleinen Kloster in Rum\u00e4nien statt.<\/span><\/span><\/p>\n<p class=\"p2\" style=\"margin: 0cm;\"><span style=\"font-size: 12.0pt; font-family: 'Verdana',sans-serif;\">\u00a0<\/span><\/p>\n<p class=\"p1\" style=\"margin: 0cm;\"><span class=\"s2\"><span style=\"font-size: 12.0pt; font-family: 'Verdana',sans-serif;\">Diese Tage werden nicht nur dem Hochzeitspaar unvergesslich bleiben, sondern jedem Anwesenden immer in allersch\u00f6nster Erinnerung, die im Herzen getragen wird.<\/span><\/span><\/p>\n<p class=\"p2\" style=\"margin: 0cm;\"><span style=\"font-size: 12.0pt; font-family: 'Verdana',sans-serif;\">\u00a0<\/span><\/p>\n<p class=\"p1\" style=\"margin: 0cm;\"><span class=\"s2\"><span style=\"font-size: 12.0pt; font-family: 'Verdana',sans-serif;\">Liebe Steffi, lieber Bogdan,<\/span><\/span><\/p>\n<p class=\"p1\" style=\"margin: 0cm;\"><span class=\"s2\"><span style=\"font-size: 12.0pt; font-family: 'Verdana',sans-serif;\">frei nach dem Motto:<\/span><\/span><\/p>\n<p class=\"p1\" style=\"margin: 0cm;\"><span style=\"font-size: 12.0pt; font-family: 'Verdana',sans-serif;\">\u00a0<\/span><\/p>\n<p class=\"p1\" style=\"margin: 0cm;\"><span class=\"s1\"><b><span style=\"font-size: 12.0pt; font-family: 'Verdana',sans-serif;\">Listen to your inner voice<\/span><\/b><\/span><\/p>\n<p class=\"p1\" style=\"margin: 0cm;\"><span style=\"font-size: 12.0pt; font-family: 'Verdana',sans-serif;\">\u00a0<\/span><\/p>\n<p class=\"p1\" style=\"margin: 0cm;\"><span class=\"s2\"><span style=\"font-size: 12.0pt; font-family: 'Verdana',sans-serif;\">Eure Liebe ist wie ein modernes M\u00e4rchen.<\/span><\/span><\/p>\n<p class=\"p1\" style=\"margin: 0cm;\"><span class=\"s2\"><span style=\"font-size: 12.0pt; font-family: 'Verdana',sans-serif;\">Ihr passt zusammen. Als Tanzpaar seid ihr bereits sehr erfolgreich, jetzt seid ihr auch offiziell ein Dreamteam.<\/span><\/span><\/p>\n<p class=\"p2\" style=\"margin: 0cm;\"><span style=\"font-size: 12.0pt; font-family: 'Verdana',sans-serif;\">\u00a0<\/span><\/p>\n<p class=\"p1\" style=\"margin: 0cm;\"><span class=\"s1\"><b><span style=\"font-size: 12.0pt; font-family: 'Verdana',sans-serif;\">M\u00f6ge Eure Liebe wachsen!<\/span><\/b><\/span><\/p>\n<p class=\"p1\" style=\"margin: 0cm;\"><span class=\"s2\"><span style=\"font-size: 12.0pt; font-family: 'Verdana',sans-serif;\">Im Namen aller Mitglieder gratuliert Euch der Vorstand von ganzem Herzen und w\u00fcnscht Euch viel Gl\u00fcck, Liebe und Gesundheit f\u00fcr Euren gemeinsamen Lebensweg.<\/span><\/span><\/p>\n<p class=\"p1\" style=\"margin: 0cm;\"><span class=\"s2\"><span style=\"font-size: 12.0pt; font-family: 'Verdana',sans-serif;\">\u00a0<\/span><\/span><\/p>\n<p class=\"p1\" style=\"margin: 0cm;\"><span class=\"s2\"><span style=\"font-size: 12.0pt; font-family: 'Verdana',sans-serif;\">Auch auf traditionelle rum\u00e4nische Art w\u00fcnschen wir ganz herzlich, <b>casa de piatra!<\/b><\/span><\/span><\/p>\n<p class=\"p1\" style=\"margin: 0cm;\"><b><span style=\"font-size: 12.0pt; font-family: 'Verdana',sans-serif;\">\u00a0<\/span><\/b><\/p>\n<p class=\"p1\" style=\"margin: 0cm;\"><span class=\"s2\"><span style=\"font-size: 12.0pt; font-family: 'Verdana',sans-serif;\">Wir freuen uns sehr, Euch als Trainer zu haben!<\/span><\/span><\/p>\n<p>Der Vorstand<\/p>\n","protected":false},"excerpt":{"rendered":"<p>Von Eugen Cosma\/Vorstand des BGC Nach langer Vorbereitung, bester Organisation und logistischen Meisterleistungen gaben sich am 03.09.2022 unser Standardtrainer-Paar Stefanie Pavelic und Bogdan Ianosi das \u201eJA\u201c Wort. \u00a0 Die Hochzeit [&hellip;]<\/p>\n","protected":false},"author":3,"featured_media":13975,"comment_status":"closed","ping_status":"closed","sticky":false,"template":"template-full.php","format":"standard","meta":{"site-sidebar-layout":"default","site-content-layout":"","ast-site-content-layout":"default","site-content-style":"default","site-sidebar-style":"default","ast-global-header-display":"","ast-banner-title-visibility":"","ast-main-header-display":"","ast-hfb-above-header-display":"","ast-hfb-below-header-display":"","ast-hfb-mobile-header-display":"","site-post-title":"","ast-breadcrumbs-content":"","ast-featured-img":"","footer-sml-layout":"","ast-disable-related-posts":"","theme-transparent-header-meta":"","adv-header-id-meta":"","stick-header-meta":"","header-above-stick-meta":"","header-main-stick-meta":"","header-below-stick-meta":"","astra-migrate-meta-layouts":"default","ast-page-background-enabled":"default","ast-page-background-meta":{"desktop":{"background-color":"var(--ast-global-color-5)","background-image":"","background-repeat":"repeat","background-position":"center center","background-size":"auto","background-attachment":"scroll","background-type":"","background-media":"","overlay-type":"","overlay-color":"","overlay-opacity":"","overlay-gradient":""},"tablet":{"background-color":"","background-image":"","background-repeat":"repeat","background-position":"center center","background-size":"auto","background-attachment":"scroll","background-type":"","background-media":"","overlay-type":"","overlay-color":"","overlay-opacity":"","overlay-gradient":""},"mobile":{"background-color":"","background-image":"","background-repeat":"repeat","background-position":"center center","background-size":"auto","background-attachment":"scroll","background-type":"","background-media":"","overlay-type":"","overlay-color":"","overlay-opacity":"","overlay-gradient":""}},"ast-content-background-meta":{"desktop":{"background-color":"var(--ast-global-color-4)","background-image":"","background-repeat":"repeat","background-position":"center center","background-size":"auto","background-attachment":"scroll","background-type":"","background-media":"","overlay-type":"","overlay-color":"","overlay-opacity":"","overlay-gradient":""},"tablet":{"background-color":"var(--ast-global-color-4)","background-image":"","background-repeat":"repeat","background-position":"center center","background-size":"auto","background-attachment":"scroll","background-type":"","background-media":"","overlay-type":"","overlay-color":"","overlay-opacity":"","overlay-gradient":""},"mobile":{"background-color":"var(--ast-global-color-4)","background-image":"","background-repeat":"repeat","background-position":"center center","background-size":"auto","background-attachment":"scroll","background-type":"","background-media":"","overlay-type":"","overlay-color":"","overlay-opacity":"","overlay-gradient":""}},"footnotes":""},"categories":[3],"tags":[],"class_list":["post-13974","post","type-post","status-publish","format-standard","has-post-thumbnail","hentry","category-news"],"_links":{"self":[{"href":"https:\/\/bgc-muenchen.de\/index.php?rest_route=\/wp\/v2\/posts\/13974","targetHints":{"allow":["GET"]}}],"collection":[{"href":"https:\/\/bgc-muenchen.de\/index.php?rest_route=\/wp\/v2\/posts"}],"about":[{"href":"https:\/\/bgc-muenchen.de\/index.php?rest_route=\/wp\/v2\/types\/post"}],"author":[{"embeddable":true,"href":"https:\/\/bgc-muenchen.de\/index.php?rest_route=\/wp\/v2\/users\/3"}],"replies":[{"embeddable":true,"href":"https:\/\/bgc-muenchen.de\/index.php?rest_route=%2Fwp%2Fv2%2Fcomments&post=13974"}],"version-history":[{"count":3,"href":"https:\/\/bgc-muenchen.de\/index.php?rest_route=\/wp\/v2\/posts\/13974\/revisions"}],"predecessor-version":[{"id":13978,"href":"https:\/\/bgc-muenchen.de\/index.php?rest_route=\/wp\/v2\/posts\/13974\/revisions\/13978"}],"wp:featuredmedia":[{"embeddable":true,"href":"https:\/\/bgc-muenchen.de\/index.php?rest_route=\/wp\/v2\/media\/13975"}],"wp:attachment":[{"href":"https:\/\/bgc-muenchen.de\/index.php?rest_route=%2Fwp%2Fv2%2Fmedia&parent=13974"}],"wp:term":[{"taxonomy":"category","embeddable":true,"href":"https:\/\/bgc-muenchen.de\/index.php?rest_route=%2Fwp%2Fv2%2Fcategories&post=13974"},{"taxonomy":"post_tag","embeddable":true,"href":"https:\/\/bgc-muenchen.de\/index.php?rest_route=%2Fwp%2Fv2%2Ftags&post=13974"}],"curies":[{"name":"wp","href":"https:\/\/api.w.org\/{rel}","templated":true}]}}